{"id":224,"date":"2021-05-04T21:29:05","date_gmt":"2021-05-04T19:29:05","guid":{"rendered":"https:\/\/blog.hedingen.schule\/pictsblog\/?p=224"},"modified":"2021-05-09T22:02:10","modified_gmt":"2021-05-09T20:02:10","slug":"lektion-ueber-instagramm-und-digtale-bilder","status":"publish","type":"post","link":"https:\/\/blog.hedingen.schule\/pictsblog\/lektion-ueber-instagramm-und-digtale-bilder\/","title":{"rendered":"Bilder im Netz und was sie mit uns machen &#8211; eine Lektionsreihe"},"content":{"rendered":"\n<p>In meiner 5.\/6. Klasse stiessen wir auf dies Thema Instagramm und digitale Bilder, und ich beschloss dieses Thema mit der Klasse zu vertiefen. Daraus ist eine Lektionsreihe entstanden, die ich euch gerne vorstellen und zur Verf\u00fcgung stellen m\u00f6chte.<\/p>\n\n\n\n<p>Ausgangspunkt waren Bildersuchen mit Suchzeilen wie &#8222;Instgramm vs Reality&#8220;, &#8222;Photoshop Fails&#8220; oder &#8222;Instagramm Beauty Fails&#8220;. Sie zeigen stark \u00fcberarbeitete Bilder in den sozialen Medien. Sie sollen anregen zu einem Gedankenaustausch, Was wir von dieser Welt halten, in der sehr viele Bilder \u00fcberarbeitet sind und nicht der Realit\u00e4t entsprechen.<\/p>\n\n\n\n<p>Exemplarisch haben wir  den Fall von Kylie Jenner, einer der gr\u00f6ssten Instagramm-Stars, betrachtet, wo ein unbearbeitetes Bild von einm Paparazzi grosses Aufsehen erregte. Darin kommt zum Ausdruck, wie die bearbeiteten Bilder auf die Konsumentinnen von Bildern in den sozialen Medien Druck auf das eigene Aussehen aus\u00fcben. <\/p>\n\n\n\n<div style=\"height:49px\" aria-hidden=\"true\" class=\"wp-block-spacer\"><\/div>\n\n\n\n<figure class=\"wp-block-embed is-type-rich is-provider-twitter wp-block-embed-twitter\"><div class=\"wp-block-embed__wrapper\">\n<blockquote class=\"twitter-tweet\" data-width=\"550\" data-dnt=\"true\"><p lang=\"en\" dir=\"ltr\">not to be a cunt but kylie jenner with no makeup on makes me feel way better about myself <a href=\"https:\/\/t.co\/Xf4FbQMhAH\">pic.twitter.com\/Xf4FbQMhAH<\/a><\/p>&mdash; anna (taylor&#39;s version) (@eatlocalcoochie) <a href=\"https:\/\/twitter.com\/eatlocalcoochie\/status\/1252667361930489856?ref_src=twsrc%5Etfw\">April 21, 2020<\/a><\/blockquote><script async src=\"https:\/\/platform.twitter.com\/widgets.js\" charset=\"utf-8\"><\/script>\n<\/div><\/figure>\n\n\n\n<div style=\"height:50px\" aria-hidden=\"true\" class=\"wp-block-spacer\"><\/div>\n\n\n\n<p>Viele sagen, dass sie sich von Bildern aus  den sozialen Bildern nicht beeinflussen lassen. Es sind immer die anderen, denen das passiert.  Im Unterricht haben wir die die Geschichte von Tina Umbricht gelesen und diskutiert. Sie zeigt, dass selbst erfolgreiche Instagramm-Models und Chasting-Show-Teilnehmeninnen vor der Beeinflussug der sozialen Medien entziehen  und zu Depressionen f\u00fchren k\u00f6nnen.<\/p>\n\n\n\n<div style=\"height:50px\" aria-hidden=\"true\" class=\"wp-block-spacer\"><\/div>\n\n\n\n<figure class=\"wp-block-embed is-type-video is-provider-youtube wp-block-embed-youtube wp-embed-aspect-16-9 wp-has-aspect-ratio\"><div class=\"wp-block-embed__wrapper\">\n<iframe loading=\"lazy\" title=\"Die Sch\u00f6nheitsideale der sozialen Medien haben Tina Umbricht in die Depression gef\u00fchrt\" width=\"1160\" height=\"653\" src=\"https:\/\/www.youtube.com\/embed\/_bKDKJFToxU?feature=oembed\" frameborder=\"0\" allow=\"accelerometer; autoplay; clipboard-write; encrypted-media; gyroscope; picture-in-picture\" allowfullscreen><\/iframe>\n<\/div><\/figure>\n\n\n\n<div style=\"height:50px\" aria-hidden=\"true\" class=\"wp-block-spacer\"><\/div>\n\n\n\n<p>In einem weiteren Schritten haben wir  m\u00f6gliche Reaktionen auf diese scheinbar perfekte Welt angeschaut. Einerseits das Nachahmen und Ver\u00e4ppeln von Instagramm-Posts, um zu  wie dies Szenerie mit unbearbeitet und mit normalen Menschen aussieht. Andererseits die Body Posivity Bewegung, die mit der Botschaft &#8222;jeder K\u00f6rper ist sch\u00f6n&#8220; Bilder mit pers\u00f6nlichen Makeln verbreitet.  Dies war der Ausangspunkt, zusammen mit der Klassen \u00fcber den Umgang mit Bildern in den sozialen Medien zu diskutieren.<\/p>\n\n\n\n<div style=\"height:71px\" aria-hidden=\"true\" class=\"wp-block-spacer\"><\/div>\n\n\n\n<h2 class=\"wp-block-heading\">Materialien zur Lektion<\/h2>\n\n\n\n<p>Der Beschrieb der Lektionsreihe und die zugeh\u00f6rigen Materialien sind auf in unserer Sharepoint-Cloud anrufbar. Du darfst das Material verwenden und einsetzen. Gerne helfe ich dir auch bei der Planung oder Druchf\u00fchrung eine Lektionsreihen zu digitalen Bildern.<\/p>\n\n\n\n<p>Materialien zur Lektionsreihe: <a href=\"https:\/\/schulehedingen.sharepoint.com\/:f:\/g\/mp\/El2-jpnIOOlHvzEGBAhnpaYBet9f8ZTUD0694ueDWHstBA?e=b336cL\">Bilder im Netz und was sie mit uns machen<\/a><\/p>\n\n\n\n<div style=\"height:111px\" aria-hidden=\"true\" class=\"wp-block-spacer\"><\/div>\n\n\n\n<p>Bildnachweis Beitragsbild: Santeri Viinamak, Wikimedia Commons: https:\/\/fi.wikipedia.org\/wiki\/Instagram#\/media\/Tiedosto:Instagram_app_on_smartphone_(grass_background).jpg (abgerufen am 2.5.21)<\/p>\n","protected":false},"excerpt":{"rendered":"<p>In meiner 5.\/6. Klasse stiessen wir auf dies Thema Instagramm und digitale Bilder, und ich beschloss dieses Thema mit der&hellip;<\/p>\n","protected":false},"author":94,"featured_media":225,"comment_status":"closed","ping_status":"","sticky":false,"template":"","format":"standard","meta":{"footnotes":""},"categories":[1],"tags":[],"class_list":["post-224","post","type-post","status-publish","format-standard","has-post-thumbnail","hentry","category-allgemein"],"featured_image_src":"https:\/\/blog.hedingen.schule\/pictsblog\/wp-content\/uploads\/sites\/9\/2021\/05\/Instagram_app_on_smartphone_grass_background-e1653809444282-600x400.jpg","featured_image_src_square":"https:\/\/blog.hedingen.schule\/pictsblog\/wp-content\/uploads\/sites\/9\/2021\/05\/Instagram_app_on_smartphone_grass_background-e1653809444282-600x600.jpg","author_info":{"display_name":"Philipp Gut","author_link":"https:\/\/blog.hedingen.schule\/pictsblog\/author\/philippgut\/"},"_links":{"self":[{"href":"https:\/\/blog.hedingen.schule\/pictsblog\/wp-json\/wp\/v2\/posts\/224","targetHints":{"allow":["GET"]}}],"collection":[{"href":"https:\/\/blog.hedingen.schule\/pictsblog\/wp-json\/wp\/v2\/posts"}],"about":[{"href":"https:\/\/blog.hedingen.schule\/pictsblog\/wp-json\/wp\/v2\/types\/post"}],"author":[{"embeddable":true,"href":"https:\/\/blog.hedingen.schule\/pictsblog\/wp-json\/wp\/v2\/users\/94"}],"replies":[{"embeddable":true,"href":"https:\/\/blog.hedingen.schule\/pictsblog\/wp-json\/wp\/v2\/comments?post=224"}],"version-history":[{"count":0,"href":"https:\/\/blog.hedingen.schule\/pictsblog\/wp-json\/wp\/v2\/posts\/224\/revisions"}],"wp:featuredmedia":[{"embeddable":true,"href":"https:\/\/blog.hedingen.schule\/pictsblog\/wp-json\/wp\/v2\/media\/225"}],"wp:attachment":[{"href":"https:\/\/blog.hedingen.schule\/pictsblog\/wp-json\/wp\/v2\/media?parent=224"}],"wp:term":[{"taxonomy":"category","embeddable":true,"href":"https:\/\/blog.hedingen.schule\/pictsblog\/wp-json\/wp\/v2\/categories?post=224"},{"taxonomy":"post_tag","embeddable":true,"href":"https:\/\/blog.hedingen.schule\/pictsblog\/wp-json\/wp\/v2\/tags?post=224"}],"curies":[{"name":"wp","href":"https:\/\/api.w.org\/{rel}","templated":true}]}}