{"id":332,"date":"2022-06-02T11:57:03","date_gmt":"2022-06-02T09:57:03","guid":{"rendered":"https:\/\/blog.hedingen.schule\/pictsblog\/?p=332"},"modified":"2022-06-13T09:30:27","modified_gmt":"2022-06-13T07:30:27","slug":"die-praesenation-bekommt-ton-neue-moeglichkeiten","status":"publish","type":"post","link":"https:\/\/blog.hedingen.schule\/pictsblog\/die-praesenation-bekommt-ton-neue-moeglichkeiten\/","title":{"rendered":"Die Pr\u00e4sentation bekommt Ton &#8211; neue M\u00f6glichkeiten"},"content":{"rendered":"\n<p class=\"has-medium-font-size\">Mit der Pr\u00e4sentationssoftware Keynote k\u00f6nnen auf dem iPad Tonaufnahmen gemacht werden, das erweitert die Einsatzm\u00f6glichkeiten. Die Pr\u00e4sentation wird zum Onlinevortrag und kann von Klassenkammeraden geschaut werden. Oder die Pr\u00e4sentation wird als Film exportiert. So entsteht daraus ein Erl\u00e4rvideo oder ein Film mit einer Geschichte. Projekte mit Keynote sind ab der dritten Klasse m\u00f6glich.<\/p>\n\n\n\n<div style=\"height:52px\" aria-hidden=\"true\" class=\"wp-block-spacer\"><\/div>\n\n\n\n<h2 class=\"wp-block-heading\"><strong>Beispiel<\/strong><\/h2>\n\n\n\n<p class=\"has-medium-font-size\">Kurze Geschichte mit einem Standbild produziert mit Keynote<\/p>\n\n\n\n<figure class=\"wp-block-embed is-type-video is-provider-youtube wp-block-embed-youtube wp-embed-aspect-16-9 wp-has-aspect-ratio\"><div class=\"wp-block-embed__wrapper\">\n<iframe loading=\"lazy\" title=\"Mit Keynote Tier vorstellen\" width=\"1160\" height=\"653\" src=\"https:\/\/www.youtube.com\/embed\/9hQqKlyy4rk?feature=oembed\" frameborder=\"0\" allow=\"accelerometer; autoplay; clipboard-write; encrypted-media; gyroscope; picture-in-picture\" allowfullscreen><\/iframe>\n<\/div><\/figure>\n\n\n\n<p><\/p>\n\n\n\n<div style=\"height:53px\" aria-hidden=\"true\" class=\"wp-block-spacer\"><\/div>\n\n\n\n<h2 class=\"wp-block-heading\" id=\"wie-wird-es-gemacht\"><strong>Wie wird es gemacht?<\/strong><\/h2>\n\n\n\n<p class=\"has-medium-font-size\">Jeder Folie kann eine Tonaufnahme hinzugef\u00fcgt werden. Daf\u00fcr tippt man auf das &#8222;Plus&#8220; und w\u00e4hlt &#8222;Audio aufnehmen&#8220;. Nun erscheint ein Dialog, um den Sprechtext aufzunehmen.<\/p>\n\n\n\n<figure class=\"wp-block-image size-large\"><img loading=\"lazy\" decoding=\"async\" width=\"1024\" height=\"768\" src=\"https:\/\/blog.hedingen.schule\/pictsblog\/wp-content\/uploads\/sites\/9\/2022\/02\/Keynote_Tonaufnahme-1024x768.png\" alt=\"\" class=\"wp-image-333\" srcset=\"https:\/\/blog.hedingen.schule\/pictsblog\/wp-content\/uploads\/sites\/9\/2022\/02\/Keynote_Tonaufnahme-1024x768.png 1024w, https:\/\/blog.hedingen.schule\/pictsblog\/wp-content\/uploads\/sites\/9\/2022\/02\/Keynote_Tonaufnahme-300x225.png 300w, https:\/\/blog.hedingen.schule\/pictsblog\/wp-content\/uploads\/sites\/9\/2022\/02\/Keynote_Tonaufnahme-768x576.png 768w, https:\/\/blog.hedingen.schule\/pictsblog\/wp-content\/uploads\/sites\/9\/2022\/02\/Keynote_Tonaufnahme-1536x1152.png 1536w, https:\/\/blog.hedingen.schule\/pictsblog\/wp-content\/uploads\/sites\/9\/2022\/02\/Keynote_Tonaufnahme.png 2048w\" sizes=\"auto, (max-width: 1024px) 100vw, 1024px\" \/><\/figure>\n\n\n\n<div style=\"height:100px\" aria-hidden=\"true\" class=\"wp-block-spacer\"><\/div>\n\n\n\n<h2 class=\"wp-block-heading\"><strong>Die Pr\u00e4sentation wird zum Film<\/strong><\/h2>\n\n\n\n<p class=\"has-medium-font-size\">Eine Keynote-Pr\u00e4sentation kann nur auf iPads geschaut werden. Sobald aber die Pr\u00e4sentation als Film exportiert wird,  ist es viel einfacher die Pr\u00e4sentation weiterzugeben, auf verschiedenen Ger\u00e4ten zu schauen oder online zu stellen. So wird aus der Pr\u00e4sentation ein digitaler Vortrag, ein Erkl\u00e4rvideo oder eine Geschichte.<\/p>\n\n\n\n<p class=\"has-medium-font-size\">Im Wiki findest du  eine Anleitung, wie eine Keynote-Pr\u00e4sentation als Film exportiert wird: <a href=\"https:\/\/wiki.hedingen.schule\/doku.php?id=ipad_apps:keynote:keynote_als_film_exportieren\">Keynote als Film exportieren<\/a><\/p>\n\n\n\n<div style=\"height:100px\" aria-hidden=\"true\" class=\"wp-block-spacer\"><\/div>\n\n\n\n<h2 class=\"wp-block-heading\" id=\"einsatzmoglichkeiten\"><strong>Einsatzm\u00f6glichkeiten<\/strong><\/h2>\n\n\n\n<p class=\"has-medium-font-size\" id=\"einsatzmoglichkeiten\">Durch den Einsatz von Tonaufnahmen entsteht eine fixfertige digitale Pr\u00e4sentation. Diese kann im Unterricht vielseitig eingesetzt werden, weil sie nicht an Ort und Zeit gebunden ist. So k\u00f6nnen von den Sch\u00fclerinnen und Sch\u00fclern im Unterricht einzelne Vortr\u00e4ge ausw\u00e4hlen. Oder die Vortr\u00e4ge k\u00f6nnen als Hausaufgabe geschaut werden. Wenn die Pr\u00e4sentationen auf eine Padletseite gestellt werden, k\u00f6nnen sie kommentiert werden. <\/p>\n\n\n\n<p class=\"has-medium-font-size\">Pr\u00e4sentationen k\u00f6nnen als Film online gestellt werden, dem sie auf Sharepoint, in Teams oder auf eine Padlet-Seite hochgeladen werden. Sobald die Pr\u00e4sentationen online sind, k\u00f6nnen sie auch anderen Klassen oder den Eltern pr\u00e4sentiert werden.<\/p>\n\n\n\n<p class=\"has-medium-font-size\">Die gleichen M\u00f6glichkeiten bieten sich, wenn aus der Pr\u00e4sentation ein Erk\u00e4rvideo oder eine Geschichte produziert wird.<\/p>\n\n\n\n<p class=\"has-medium-font-size\">Ein Beispiel sind <a href=\"https:\/\/padlet.com\/hedingenschule\/ovwc7l1yvs2t5de7\">Vortr\u00e4ge zum Planetensystem<\/a> aus der 5.\/6. Klasse a.<\/p>\n\n\n\n<figure class=\"wp-block-image size-large is-resized\"><a href=\"https:\/\/padlet.com\/hedingenschule\/ovwc7l1yvs2t5de7\"><img loading=\"lazy\" decoding=\"async\" src=\"https:\/\/blog.hedingen.schule\/pictsblog\/wp-content\/uploads\/sites\/9\/2022\/06\/Pra\u0308sentation-Astronomie-1024x595.jpg\" alt=\"\" class=\"wp-image-500\" width=\"1163\" height=\"676\" srcset=\"https:\/\/blog.hedingen.schule\/pictsblog\/wp-content\/uploads\/sites\/9\/2022\/06\/Pra\u0308sentation-Astronomie-1024x595.jpg 1024w, https:\/\/blog.hedingen.schule\/pictsblog\/wp-content\/uploads\/sites\/9\/2022\/06\/Pra\u0308sentation-Astronomie-300x174.jpg 300w, https:\/\/blog.hedingen.schule\/pictsblog\/wp-content\/uploads\/sites\/9\/2022\/06\/Pra\u0308sentation-Astronomie-768x446.jpg 768w, https:\/\/blog.hedingen.schule\/pictsblog\/wp-content\/uploads\/sites\/9\/2022\/06\/Pra\u0308sentation-Astronomie-1536x892.jpg 1536w, https:\/\/blog.hedingen.schule\/pictsblog\/wp-content\/uploads\/sites\/9\/2022\/06\/Pra\u0308sentation-Astronomie-2048x1189.jpg 2048w\" sizes=\"auto, (max-width: 1163px) 100vw, 1163px\" \/><\/a><\/figure>\n","protected":false},"excerpt":{"rendered":"<p>Mit der Pr\u00e4sentationssoftware Keynote k\u00f6nnen auf dem iPad Tonaufnahmen gemacht werden, das erweitert die Einsatzm\u00f6glichkeiten. Die Pr\u00e4sentation wird zum Onlinevortrag und kann von Klassenkammeraden geschaut werden. Oder die Pr\u00e4sentation wird als Film exportiert. So entsteht daraus ein Erl\u00e4rvideo oder ein Film mit einer Geschichte. Projekte mit Keynote sind ab der dritten Klasse m\u00f6glich.<\/p>\n","protected":false},"author":94,"featured_media":381,"comment_status":"closed","ping_status":"closed","sticky":false,"template":"","format":"standard","meta":{"footnotes":""},"categories":[1],"tags":[],"class_list":["post-332","post","type-post","status-publish","format-standard","has-post-thumbnail","hentry","category-allgemein"],"featured_image_src":"https:\/\/blog.hedingen.schule\/pictsblog\/wp-content\/uploads\/sites\/9\/2022\/02\/Mikrofon-scaled-e1654162721167-600x400.jpg","featured_image_src_square":"https:\/\/blog.hedingen.schule\/pictsblog\/wp-content\/uploads\/sites\/9\/2022\/02\/Mikrofon-scaled-e1654162721167-600x600.jpg","author_info":{"display_name":"Philipp Gut","author_link":"https:\/\/blog.hedingen.schule\/pictsblog\/author\/philippgut\/"},"_links":{"self":[{"href":"https:\/\/blog.hedingen.schule\/pictsblog\/wp-json\/wp\/v2\/posts\/332","targetHints":{"allow":["GET"]}}],"collection":[{"href":"https:\/\/blog.hedingen.schule\/pictsblog\/wp-json\/wp\/v2\/posts"}],"about":[{"href":"https:\/\/blog.hedingen.schule\/pictsblog\/wp-json\/wp\/v2\/types\/post"}],"author":[{"embeddable":true,"href":"https:\/\/blog.hedingen.schule\/pictsblog\/wp-json\/wp\/v2\/users\/94"}],"replies":[{"embeddable":true,"href":"https:\/\/blog.hedingen.schule\/pictsblog\/wp-json\/wp\/v2\/comments?post=332"}],"version-history":[{"count":0,"href":"https:\/\/blog.hedingen.schule\/pictsblog\/wp-json\/wp\/v2\/posts\/332\/revisions"}],"wp:featuredmedia":[{"embeddable":true,"href":"https:\/\/blog.hedingen.schule\/pictsblog\/wp-json\/wp\/v2\/media\/381"}],"wp:attachment":[{"href":"https:\/\/blog.hedingen.schule\/pictsblog\/wp-json\/wp\/v2\/media?parent=332"}],"wp:term":[{"taxonomy":"category","embeddable":true,"href":"https:\/\/blog.hedingen.schule\/pictsblog\/wp-json\/wp\/v2\/categories?post=332"},{"taxonomy":"post_tag","embeddable":true,"href":"https:\/\/blog.hedingen.schule\/pictsblog\/wp-json\/wp\/v2\/tags?post=332"}],"curies":[{"name":"wp","href":"https:\/\/api.w.org\/{rel}","templated":true}]}}