{"id":521,"date":"2022-06-30T09:25:24","date_gmt":"2022-06-30T07:25:24","guid":{"rendered":"https:\/\/blog.hedingen.schule\/pictsblog\/?p=521"},"modified":"2022-11-03T08:58:31","modified_gmt":"2022-11-03T07:58:31","slug":"foto-und-filmprojekte-im-kindergarten","status":"publish","type":"post","link":"https:\/\/blog.hedingen.schule\/pictsblog\/foto-und-filmprojekte-im-kindergarten\/","title":{"rendered":"Foto- und Filmprojekte im Kindergarten"},"content":{"rendered":"\n<p class=\"has-medium-font-size\">Um auch im Kindergarten das iPad als Arbeitsmittel kennenzulernen und einfache Projekte durchzuf\u00fchren, stellen wir f\u00fcr den Zyklus 1 eine Box von zehn iPads zur Verf\u00fcgung. Das Team vom Kindergarten Gamma, hat die Chance gepackt, und ein erstes Foto- und Filmprojekt durchgef\u00fchrt.<\/p>\n\n\n\n<div style=\"height:100px\" aria-hidden=\"true\" class=\"wp-block-spacer\"><\/div>\n\n\n\n<p class=\"has-medium-font-size\"><strong>Foto-Projekt L\u00f6cher &#8211; Aufgaben mit der iPad-Kamera<\/strong><\/p>\n\n\n\n<div style=\"height:24px\" aria-hidden=\"true\" class=\"wp-block-spacer\"><\/div>\n\n\n\n<figure class=\"wp-block-image size-large is-resized\"><img loading=\"lazy\" decoding=\"async\" src=\"https:\/\/blog.hedingen.schule\/pictsblog\/wp-content\/uploads\/sites\/9\/2022\/06\/bilder_projekt_loch_007-1024x768.jpg\" alt=\"\" class=\"wp-image-525\" width=\"1159\" height=\"869\" srcset=\"https:\/\/blog.hedingen.schule\/pictsblog\/wp-content\/uploads\/sites\/9\/2022\/06\/bilder_projekt_loch_007-1024x768.jpg 1024w, https:\/\/blog.hedingen.schule\/pictsblog\/wp-content\/uploads\/sites\/9\/2022\/06\/bilder_projekt_loch_007-300x225.jpg 300w, https:\/\/blog.hedingen.schule\/pictsblog\/wp-content\/uploads\/sites\/9\/2022\/06\/bilder_projekt_loch_007-768x576.jpg 768w, https:\/\/blog.hedingen.schule\/pictsblog\/wp-content\/uploads\/sites\/9\/2022\/06\/bilder_projekt_loch_007-1536x1152.jpg 1536w, https:\/\/blog.hedingen.schule\/pictsblog\/wp-content\/uploads\/sites\/9\/2022\/06\/bilder_projekt_loch_007-2048x1536.jpg 2048w\" sizes=\"auto, (max-width: 1159px) 100vw, 1159px\" \/><\/figure>\n\n\n\n<p class=\"has-medium-font-size\">Im Projekt &#8222;L\u00f6cher&#8220; lernten die Sch\u00fclerinnen und Sch\u00fcler mit der iPad-Kamera zu benutzen und mit de Foto-App umzugehen. Beispielsweise wurden alle Kinder in einer &#8222;Loch-Safari&#8220; in kleinen Gruppen auf dem Schulareal auf die Prisch geschickt. Sie mussten &#8222;L\u00f6cher&#8220; finden. Sobald sie eines gefunden hatten, fotografierten sie es. Die gesammelten Bilder wurden im Plenum besprochen, von der Lehrperson ausgedruckt und im Zimmer aufgeh\u00e4ngt.<\/p>\n\n\n\n<div class=\"wp-block-columns is-layout-flex wp-container-core-columns-is-layout-9d6595d7 wp-block-columns-is-layout-flex\">\n<div class=\"wp-block-column is-layout-flow wp-block-column-is-layout-flow\">\n<figure class=\"wp-block-image size-large\"><img loading=\"lazy\" decoding=\"async\" width=\"768\" height=\"1024\" src=\"https:\/\/blog.hedingen.schule\/pictsblog\/wp-content\/uploads\/sites\/9\/2022\/06\/bilder_projekt_loch_135-768x1024.jpg\" alt=\"\" class=\"wp-image-529\" srcset=\"https:\/\/blog.hedingen.schule\/pictsblog\/wp-content\/uploads\/sites\/9\/2022\/06\/bilder_projekt_loch_135-768x1024.jpg 768w, https:\/\/blog.hedingen.schule\/pictsblog\/wp-content\/uploads\/sites\/9\/2022\/06\/bilder_projekt_loch_135-225x300.jpg 225w, https:\/\/blog.hedingen.schule\/pictsblog\/wp-content\/uploads\/sites\/9\/2022\/06\/bilder_projekt_loch_135-1152x1536.jpg 1152w, https:\/\/blog.hedingen.schule\/pictsblog\/wp-content\/uploads\/sites\/9\/2022\/06\/bilder_projekt_loch_135-1536x2048.jpg 1536w, https:\/\/blog.hedingen.schule\/pictsblog\/wp-content\/uploads\/sites\/9\/2022\/06\/bilder_projekt_loch_135-scaled.jpg 1920w\" sizes=\"auto, (max-width: 768px) 100vw, 768px\" \/><\/figure>\n<\/div>\n\n\n\n<div class=\"wp-block-column is-layout-flow wp-block-column-is-layout-flow\">\n<figure class=\"wp-block-image size-large\"><img loading=\"lazy\" decoding=\"async\" width=\"768\" height=\"1024\" src=\"https:\/\/blog.hedingen.schule\/pictsblog\/wp-content\/uploads\/sites\/9\/2022\/06\/bilder_projekt_loch_247-768x1024.jpg\" alt=\"\" class=\"wp-image-531\" srcset=\"https:\/\/blog.hedingen.schule\/pictsblog\/wp-content\/uploads\/sites\/9\/2022\/06\/bilder_projekt_loch_247-768x1024.jpg 768w, https:\/\/blog.hedingen.schule\/pictsblog\/wp-content\/uploads\/sites\/9\/2022\/06\/bilder_projekt_loch_247-225x300.jpg 225w, https:\/\/blog.hedingen.schule\/pictsblog\/wp-content\/uploads\/sites\/9\/2022\/06\/bilder_projekt_loch_247-1152x1536.jpg 1152w, https:\/\/blog.hedingen.schule\/pictsblog\/wp-content\/uploads\/sites\/9\/2022\/06\/bilder_projekt_loch_247-1536x2048.jpg 1536w, https:\/\/blog.hedingen.schule\/pictsblog\/wp-content\/uploads\/sites\/9\/2022\/06\/bilder_projekt_loch_247-scaled.jpg 1920w\" sizes=\"auto, (max-width: 768px) 100vw, 768px\" \/><\/figure>\n<\/div>\n<\/div>\n\n\n\n<p class=\"has-medium-font-size\">Ein andrer Auftrag war der &#8222;Loch-OL&#8220;. Die Gruppen bekamen ein Blatt mit den Fotos der anderen Kindern. Nun mussten sie  die L\u00f6cher finden und als Beweis, das Loch nochmals selbst fotografieren.<\/p>\n\n\n\n<figure class=\"wp-block-image size-large is-resized\"><img loading=\"lazy\" decoding=\"async\" src=\"https:\/\/blog.hedingen.schule\/pictsblog\/wp-content\/uploads\/sites\/9\/2022\/06\/bilder_projekt_loch_033-1024x768.jpg\" alt=\"\" class=\"wp-image-526\" width=\"1159\" height=\"869\" srcset=\"https:\/\/blog.hedingen.schule\/pictsblog\/wp-content\/uploads\/sites\/9\/2022\/06\/bilder_projekt_loch_033-1024x768.jpg 1024w, https:\/\/blog.hedingen.schule\/pictsblog\/wp-content\/uploads\/sites\/9\/2022\/06\/bilder_projekt_loch_033-300x225.jpg 300w, https:\/\/blog.hedingen.schule\/pictsblog\/wp-content\/uploads\/sites\/9\/2022\/06\/bilder_projekt_loch_033-768x576.jpg 768w, https:\/\/blog.hedingen.schule\/pictsblog\/wp-content\/uploads\/sites\/9\/2022\/06\/bilder_projekt_loch_033-1536x1152.jpg 1536w, https:\/\/blog.hedingen.schule\/pictsblog\/wp-content\/uploads\/sites\/9\/2022\/06\/bilder_projekt_loch_033-2048x1536.jpg 2048w\" sizes=\"auto, (max-width: 1159px) 100vw, 1159px\" \/><\/figure>\n\n\n\n<div style=\"height:100px\" aria-hidden=\"true\" class=\"wp-block-spacer\"><\/div>\n\n\n\n<p class=\"has-medium-font-size\"><strong>Film-Projekt Stopmotion<\/strong><\/p>\n\n\n\n<p class=\"has-medium-font-size\">Bei der Stopmotion-Filmtechnik werden ganz viele Fotos zu einem Film zusammengesetzt. Dank konfortabler App auf dem iPad sind Stopmotion-Filmprojekte schon in Kindergarten m\u00f6glich. Im Kindergarten Gamma drehten sie mit dem zweiten Kindergarten einen Film. Sie arbeiteten mit Moderiermasse, Papier, Figuren und weiteren Requisiten aus dem Zimmer. Als erstes wird eine Szene dargestellt und fotografiert. Anschliessend wird die Szene ein klein wenig ver\u00e4ndert und wiederum fotografiert. So entsteht in vielen kleinen Schritten ein ganzer Film. <\/p>\n\n\n\n<figure class=\"wp-block-embed is-type-video is-provider-vimeo wp-block-embed-vimeo wp-embed-aspect-16-9 wp-has-aspect-ratio\"><div class=\"wp-block-embed__wrapper\">\n<iframe loading=\"lazy\" title=\"Film L&amp;ouml;cher - Kindergarten Gamma\" src=\"https:\/\/player.vimeo.com\/video\/725550734?h=0b831151e7&amp;dnt=1&amp;app_id=122963\" width=\"1160\" height=\"653\" frameborder=\"0\" allow=\"autoplay; fullscreen; picture-in-picture\" allowfullscreen><\/iframe>\n<\/div><\/figure>\n\n\n\n<p class=\"has-medium-font-size\">Andere Klassen hat schon mit Zeichnungen und ausgeschnittenen Figuren gearbeitet:  <a href=\"https:\/\/vimeo.com\/214743082\">ein Beispiel aus der ersten Klasse<\/a>.<\/p>\n\n\n\n<p class=\"has-medium-font-size\">Das sch\u00f6ne an der Stopmotion-Filmtechnik ist, dass sehr fantstsische Geschichten erz\u00e4hlt werden k\u00f6nnen. Die Trickfilm-Technik bietet uns hier auf sehr einfache Art viele M\u00f6glichkeiten.<\/p>\n\n\n\n<div style=\"height:100px\" aria-hidden=\"true\" class=\"wp-block-spacer\"><\/div>\n\n\n\n<p class=\"has-medium-font-size\"><strong>Eigenes Projekt starten<\/strong><\/p>\n\n\n\n<p class=\"has-medium-font-size\">Falls du Interesse hast mit deiner Klasse ein Projekt mit dem iPad durchzuf\u00fchren, melde dich beim PICTS oder beim Team vom Kindergarten Gamma. Wir unterst\u00fctzen und begleiten euch gerne.<\/p>\n\n\n\n<p class=\"has-medium-font-size\">Die iPad-Box mit den zwehn zus\u00e4tzlichen Ger\u00e4ten kann beim PICTS Zyklus 1 ausgeliehen werden. <\/p>\n\n\n\n<p class=\"has-medium-font-size\"><a href=\"https:\/\/wiki.hedingen.schule\/doku.php?id=ipad_apps:stopmotion\">Anleitungen zur Stopmotion-App<\/a><\/p>\n\n\n\n<p class=\"has-medium-font-size\"><a href=\"https:\/\/wiki.hedingen.schule\/doku.php?id=ipad_apps:fotoapp\">Anleitungen Foto-App<\/a><\/p>\n","protected":false},"excerpt":{"rendered":"<p>Um auch im Kindergarten das iPad als Arbeitsmittel kennenzulernen und einfacher Projekte durchzuf\u00fchren, stellen wir f\u00fcr den Zyklus 1 eine Box von zehn iPads zur Verf\u00fcfung. Das Team vom Kindergarten Gamma, hat die Chance gepackt, und ein erstes Foto- und Filmprojekt durchgef\u00fchrt.<\/p>\n","protected":false},"author":94,"featured_media":522,"comment_status":"closed","ping_status":"","sticky":false,"template":"","format":"standard","meta":{"footnotes":""},"categories":[1],"tags":[],"class_list":["post-521","post","type-post","status-publish","format-standard","has-post-thumbnail","hentry","category-allgemein"],"featured_image_src":"https:\/\/blog.hedingen.schule\/pictsblog\/wp-content\/uploads\/sites\/9\/2022\/06\/projekt_loecher_kg-scaled-e1656311370279-600x400.jpg","featured_image_src_square":"https:\/\/blog.hedingen.schule\/pictsblog\/wp-content\/uploads\/sites\/9\/2022\/06\/projekt_loecher_kg-scaled-e1656311370279-600x600.jpg","author_info":{"display_name":"Philipp Gut","author_link":"https:\/\/blog.hedingen.schule\/pictsblog\/author\/philippgut\/"},"_links":{"self":[{"href":"https:\/\/blog.hedingen.schule\/pictsblog\/wp-json\/wp\/v2\/posts\/521","targetHints":{"allow":["GET"]}}],"collection":[{"href":"https:\/\/blog.hedingen.schule\/pictsblog\/wp-json\/wp\/v2\/posts"}],"about":[{"href":"https:\/\/blog.hedingen.schule\/pictsblog\/wp-json\/wp\/v2\/types\/post"}],"author":[{"embeddable":true,"href":"https:\/\/blog.hedingen.schule\/pictsblog\/wp-json\/wp\/v2\/users\/94"}],"replies":[{"embeddable":true,"href":"https:\/\/blog.hedingen.schule\/pictsblog\/wp-json\/wp\/v2\/comments?post=521"}],"version-history":[{"count":0,"href":"https:\/\/blog.hedingen.schule\/pictsblog\/wp-json\/wp\/v2\/posts\/521\/revisions"}],"wp:featuredmedia":[{"embeddable":true,"href":"https:\/\/blog.hedingen.schule\/pictsblog\/wp-json\/wp\/v2\/media\/522"}],"wp:attachment":[{"href":"https:\/\/blog.hedingen.schule\/pictsblog\/wp-json\/wp\/v2\/media?parent=521"}],"wp:term":[{"taxonomy":"category","embeddable":true,"href":"https:\/\/blog.hedingen.schule\/pictsblog\/wp-json\/wp\/v2\/categories?post=521"},{"taxonomy":"post_tag","embeddable":true,"href":"https:\/\/blog.hedingen.schule\/pictsblog\/wp-json\/wp\/v2\/tags?post=521"}],"curies":[{"name":"wp","href":"https:\/\/api.w.org\/{rel}","templated":true}]}}